{"id":1011,"date":"2025-10-09T15:08:46","date_gmt":"2025-10-09T15:08:46","guid":{"rendered":"https:\/\/alltrucks.brandnew.media\/?p=1011"},"modified":"2026-01-29T11:57:36","modified_gmt":"2026-01-29T11:57:36","slug":"alltrucks-partner-event-dach-2025","status":"publish","type":"post","link":"https:\/\/www.alltrucks.com\/lt\/alltrucks-partner-event-dach-2025\/","title":{"rendered":"Alltrucks partneri\u0173 renginys DACH 2025"},"content":{"rendered":"<p>Jokiame kitame pramon\u0117s renginyje seminarai ir pramon\u0117 n\u0117ra taip sujungiami. Apie <strong>Rugs\u0117jo 29 d.<\/strong> prad\u0117jo rengin\u012f su <strong>Apsilankymas Oktoberfest festivalyje<\/strong>kuris daugeliui sve\u010di\u0173 tapo atmosferos prad\u017eia. Svetain\u0117je <strong>Rugs\u0117jo 30 d.<\/strong> sek\u0117 <strong>Konferencijos diena<\/strong> su \u012fdomiais specialist\u0173 pristatymais, \u012fkvepian\u010diomis apskritojo stalo diskusijomis su pasirinktais \"Alltrucks\" partneriais ir daugybe bendravimo galimybi\u0173.<\/p>\n\n\n\n<p>Ypatingas akcentas buvo <strong>Didel\u0117s apimties vidaus paroda<\/strong>kurioje pramon\u0117s partneriai pristat\u0117 savo naujausius gaminius, sprendimus ir technologijas - tai gyva inovacij\u0173, kokyb\u0117s ir partneryste grind\u017eiamo bendradarbiavimo rinka.<\/p>\n\n\n\n<p>\"M\u016bs\u0173 bendradarbiavimo pagrindas - tiesioginiai mainai su m\u016bs\u0173 partneriais seminarais ir pramon\u0117s atstovais\", - pabr\u0117\u017eia <strong>Homeras Smyrliadis, \"Alltrucks\" generalinis direktorius<\/strong>. \"M\u016bs\u0173 partneri\u0173 renginiai ne kart\u0105 \u012frod\u0117, koks stiprus yra m\u016bs\u0173 tinklas, paremtas pasitik\u0117jimu, patirtimi ir bendra vizija aktyviai formuoti ateities dirbtuvi\u0173 rink\u0105.\"<\/p>\n\n\n\n<p>Ypatinga pad\u0117ka visiems <strong>dalyviai, inkubatoriai \"Bosch\" ir \"Knorr-Bremse\" bei pramon\u0117s partneriai<\/strong>kurie savo atsidavimu, parod\u0173 stendais ir diskusijomis prisid\u0117jo prie to, kad renginys b\u016bt\u0173 visi\u0161kai s\u0117kmingas.<\/p>\n\n\n\n<p><\/p>","protected":false},"excerpt":{"rendered":"<p>Miunchenas, 2025 m. rugs\u0117jo 30 d. - Pagal \u0161\u016bk\u012f \"M\u0117gaukit\u0117s tradicijomis. Kuriant ateit\u012f.\" \u0160iais metais \"Alltrucks\" v\u0117l sureng\u0117 svarb\u0173 partneri\u0173 rengin\u012f Miunchene ir sulauk\u0117 apie 170 sve\u010di\u0173 i\u0161 DACH regiono. Seminarai, pramon\u0117s atstovai ir \u012fmon\u0117s steig\u0117jos \"Bosch\" ir \"Knorr-Bremse\" susirinko Miuncheno konferencij\u0173 vie\u0161butyje \"Infinity\", kur vyko intensyvus dialogas.<\/p>","protected":false},"author":2,"featured_media":1012,"comment_status":"open","ping_status":"open","sticky":false,"template":"","format":"standard","meta":{"footnotes":""},"categories":[14],"tags":[],"class_list":["post-1011","post","type-post","status-publish","format-standard","has-post-thumbnail","hentry","category-presse-veroeffentlichungen"],"yoast_head":"<!-- This site is optimized with the Yoast SEO Premium plugin v26.3 (Yoast SEO v26.3) - https:\/\/yoast.com\/wordpress\/plugins\/seo\/ -->\n<title>Alltrucks Partner Event DACH 2025 - Alltrucks Truck &amp; Trailer Service<\/title>\n<meta name=\"robots\" content=\"index, follow, max-snippet:-1, max-image-preview:large, max-video-preview:-1\" \/>\n<link rel=\"canonical\" href=\"https:\/\/www.alltrucks.com\/lt\/alltrucks-partner-event-dach-2025\/\" \/>\n<meta property=\"og:locale\" content=\"lt_LT\" \/>\n<meta property=\"og:type\" content=\"article\" \/>\n<meta property=\"og:title\" content=\"Alltrucks Partner Event DACH 2025\" \/>\n<meta property=\"og:description\" content=\"M\u00fcnchen, 30. September 2025 \u2013 Unter dem Motto \u201eTradition genie\u00dfen. Zukunft gestalten.\u201c hat Alltrucks in diesem Jahr erneut zum gro\u00dfen Partner Event nach M\u00fcnchen eingeladen und rund 170 G\u00e4ste aus der DACH-Region begr\u00fc\u00dft. Im Konferenzhotel Infinity Munich kamen Werkst\u00e4tten, Industrievertreter und die Gr\u00fcnderh\u00e4user Bosch und Knorr-Bremse zu einem intensiven Austausch zusammen.\" \/>\n<meta property=\"og:url\" content=\"https:\/\/www.alltrucks.com\/lt\/alltrucks-partner-event-dach-2025\/\" \/>\n<meta property=\"og:site_name\" content=\"Alltrucks Truck &amp; Trailer Service\" \/>\n<meta property=\"article:publisher\" content=\"https:\/\/www.facebook.com\/alltrucksDE\/mentions\/?_rdr\" \/>\n<meta property=\"article:published_time\" content=\"2025-10-09T15:08:46+00:00\" \/>\n<meta property=\"article:modified_time\" content=\"2026-01-29T11:57:36+00:00\" \/>\n<meta property=\"og:image\" content=\"https:\/\/www.alltrucks.com\/wp-content\/uploads\/2025\/10\/IMG_7067-3-scaled.jpeg\" \/>\n\t<meta property=\"og:image:width\" content=\"2560\" \/>\n\t<meta property=\"og:image:height\" content=\"1314\" \/>\n\t<meta property=\"og:image:type\" content=\"image\/jpeg\" \/>\n<meta name=\"author\" content=\"Kristina Martin\" \/>\n<meta name=\"twitter:card\" content=\"summary_large_image\" \/>\n<meta name=\"twitter:label1\" content=\"Written by\" \/>\n\t<meta name=\"twitter:data1\" content=\"Kristina Martin\" \/>\n\t<meta name=\"twitter:label2\" content=\"Est. reading time\" \/>\n\t<meta name=\"twitter:data2\" content=\"2 minut\u0117s\" \/>\n<script type=\"application\/ld+json\" class=\"yoast-schema-graph\">{\"@context\":\"https:\/\/schema.org\",\"@graph\":[{\"@type\":\"Article\",\"@id\":\"https:\/\/www.alltrucks.com\/alltrucks-partner-event-dach-2025\/#article\",\"isPartOf\":{\"@id\":\"https:\/\/www.alltrucks.com\/alltrucks-partner-event-dach-2025\/\"},\"author\":{\"name\":\"Kristina Martin\",\"@id\":\"https:\/\/www.alltrucks.com\/#\/schema\/person\/3c5f61f18580d750b29e8d3941e635ee\"},\"headline\":\"Alltrucks Partner Event DACH 2025\",\"datePublished\":\"2025-10-09T15:08:46+00:00\",\"dateModified\":\"2026-01-29T11:57:36+00:00\",\"mainEntityOfPage\":{\"@id\":\"https:\/\/www.alltrucks.com\/alltrucks-partner-event-dach-2025\/\"},\"wordCount\":175,\"commentCount\":0,\"publisher\":{\"@id\":\"https:\/\/www.alltrucks.com\/#organization\"},\"image\":{\"@id\":\"https:\/\/www.alltrucks.com\/alltrucks-partner-event-dach-2025\/#primaryimage\"},\"thumbnailUrl\":\"https:\/\/www.alltrucks.com\/wp-content\/uploads\/2025\/10\/IMG_7067-3-scaled.jpeg\",\"articleSection\":[\"Presse Ver\u00f6ffentlichungen\"],\"inLanguage\":\"lt-LT\",\"potentialAction\":[{\"@type\":\"CommentAction\",\"name\":\"Comment\",\"target\":[\"https:\/\/www.alltrucks.com\/alltrucks-partner-event-dach-2025\/#respond\"]}]},{\"@type\":\"WebPage\",\"@id\":\"https:\/\/www.alltrucks.com\/alltrucks-partner-event-dach-2025\/\",\"url\":\"https:\/\/www.alltrucks.com\/alltrucks-partner-event-dach-2025\/\",\"name\":\"Alltrucks Partner Event DACH 2025 - Alltrucks Truck &amp; Trailer Service\",\"isPartOf\":{\"@id\":\"https:\/\/www.alltrucks.com\/#website\"},\"primaryImageOfPage\":{\"@id\":\"https:\/\/www.alltrucks.com\/alltrucks-partner-event-dach-2025\/#primaryimage\"},\"image\":{\"@id\":\"https:\/\/www.alltrucks.com\/alltrucks-partner-event-dach-2025\/#primaryimage\"},\"thumbnailUrl\":\"https:\/\/www.alltrucks.com\/wp-content\/uploads\/2025\/10\/IMG_7067-3-scaled.jpeg\",\"datePublished\":\"2025-10-09T15:08:46+00:00\",\"dateModified\":\"2026-01-29T11:57:36+00:00\",\"breadcrumb\":{\"@id\":\"https:\/\/www.alltrucks.com\/alltrucks-partner-event-dach-2025\/#breadcrumb\"},\"inLanguage\":\"lt-LT\",\"potentialAction\":[{\"@type\":\"ReadAction\",\"target\":[\"https:\/\/www.alltrucks.com\/alltrucks-partner-event-dach-2025\/\"]}]},{\"@type\":\"ImageObject\",\"inLanguage\":\"lt-LT\",\"@id\":\"https:\/\/www.alltrucks.com\/alltrucks-partner-event-dach-2025\/#primaryimage\",\"url\":\"https:\/\/www.alltrucks.com\/wp-content\/uploads\/2025\/10\/IMG_7067-3-scaled.jpeg\",\"contentUrl\":\"https:\/\/www.alltrucks.com\/wp-content\/uploads\/2025\/10\/IMG_7067-3-scaled.jpeg\",\"width\":2560,\"height\":1314},{\"@type\":\"BreadcrumbList\",\"@id\":\"https:\/\/www.alltrucks.com\/alltrucks-partner-event-dach-2025\/#breadcrumb\",\"itemListElement\":[{\"@type\":\"ListItem\",\"position\":1,\"name\":\"Startseite\",\"item\":\"https:\/\/www.alltrucks.com\/\"},{\"@type\":\"ListItem\",\"position\":2,\"name\":\"Alltrucks Partner Event DACH 2025\"}]},{\"@type\":\"WebSite\",\"@id\":\"https:\/\/www.alltrucks.com\/#website\",\"url\":\"https:\/\/www.alltrucks.com\/\",\"name\":\"Alltrucks Truck & Trailer Service\",\"description\":\"\",\"publisher\":{\"@id\":\"https:\/\/www.alltrucks.com\/#organization\"},\"potentialAction\":[{\"@type\":\"SearchAction\",\"target\":{\"@type\":\"EntryPoint\",\"urlTemplate\":\"https:\/\/www.alltrucks.com\/?s={search_term_string}\"},\"query-input\":{\"@type\":\"PropertyValueSpecification\",\"valueRequired\":true,\"valueName\":\"search_term_string\"}}],\"inLanguage\":\"lt-LT\"},{\"@type\":\"Organization\",\"@id\":\"https:\/\/www.alltrucks.com\/#organization\",\"name\":\"Alltrucks GmbH & Co. KG\",\"url\":\"https:\/\/www.alltrucks.com\/\",\"logo\":{\"@type\":\"ImageObject\",\"inLanguage\":\"lt-LT\",\"@id\":\"https:\/\/www.alltrucks.com\/#\/schema\/logo\/image\/\",\"url\":\"https:\/\/www.alltrucks.com\/wp-content\/uploads\/2025\/09\/Logo.svg\",\"contentUrl\":\"https:\/\/www.alltrucks.com\/wp-content\/uploads\/2025\/09\/Logo.svg\",\"width\":298,\"height\":65,\"caption\":\"Alltrucks GmbH & Co. KG\"},\"image\":{\"@id\":\"https:\/\/www.alltrucks.com\/#\/schema\/logo\/image\/\"},\"sameAs\":[\"https:\/\/www.facebook.com\/alltrucksDE\/mentions\/?_rdr\",\"https:\/\/de.linkedin.com\/company\/alltrucks\"]},{\"@type\":\"Person\",\"@id\":\"https:\/\/www.alltrucks.com\/#\/schema\/person\/3c5f61f18580d750b29e8d3941e635ee\",\"name\":\"Kristina Martin\",\"image\":{\"@type\":\"ImageObject\",\"inLanguage\":\"lt-LT\",\"@id\":\"https:\/\/www.alltrucks.com\/#\/schema\/person\/image\/\",\"url\":\"https:\/\/www.alltrucks.com\/wp-content\/litespeed\/avatar\/c686f2b45f68d8c6e0bb949fc7cc208c.jpg?ver=1777390578\",\"contentUrl\":\"https:\/\/www.alltrucks.com\/wp-content\/litespeed\/avatar\/c686f2b45f68d8c6e0bb949fc7cc208c.jpg?ver=1777390578\",\"caption\":\"Kristina Martin\"},\"url\":\"https:\/\/www.alltrucks.com\/lt\/author\/kristina-martin\/\"}]}<\/script>\n<!-- \/ Yoast SEO Premium plugin. -->","yoast_head_json":{"title":"Alltrucks partneri\u0173 renginys DACH 2025 - Alltrucks sunkve\u017eimi\u0173 ir priekab\u0173 servisas","robots":{"index":"index","follow":"follow","max-snippet":"max-snippet:-1","max-image-preview":"max-image-preview:large","max-video-preview":"max-video-preview:-1"},"canonical":"https:\/\/www.alltrucks.com\/lt\/alltrucks-partner-event-dach-2025\/","og_locale":"lt_LT","og_type":"article","og_title":"Alltrucks Partner Event DACH 2025","og_description":"M\u00fcnchen, 30. September 2025 \u2013 Unter dem Motto \u201eTradition genie\u00dfen. Zukunft gestalten.\u201c hat Alltrucks in diesem Jahr erneut zum gro\u00dfen Partner Event nach M\u00fcnchen eingeladen und rund 170 G\u00e4ste aus der DACH-Region begr\u00fc\u00dft. Im Konferenzhotel Infinity Munich kamen Werkst\u00e4tten, Industrievertreter und die Gr\u00fcnderh\u00e4user Bosch und Knorr-Bremse zu einem intensiven Austausch zusammen.","og_url":"https:\/\/www.alltrucks.com\/lt\/alltrucks-partner-event-dach-2025\/","og_site_name":"Alltrucks Truck &amp; Trailer Service","article_publisher":"https:\/\/www.facebook.com\/alltrucksDE\/mentions\/?_rdr","article_published_time":"2025-10-09T15:08:46+00:00","article_modified_time":"2026-01-29T11:57:36+00:00","og_image":[{"width":2560,"height":1314,"url":"https:\/\/www.alltrucks.com\/wp-content\/uploads\/2025\/10\/IMG_7067-3-scaled.jpeg","type":"image\/jpeg"}],"author":"Kristina Martin","twitter_card":"summary_large_image","twitter_misc":{"Written by":"Kristina Martin","Est. reading time":"2 minut\u0117s"},"schema":{"@context":"https:\/\/schema.org","@graph":[{"@type":"Article","@id":"https:\/\/www.alltrucks.com\/alltrucks-partner-event-dach-2025\/#article","isPartOf":{"@id":"https:\/\/www.alltrucks.com\/alltrucks-partner-event-dach-2025\/"},"author":{"name":"Kristina Martin","@id":"https:\/\/www.alltrucks.com\/#\/schema\/person\/3c5f61f18580d750b29e8d3941e635ee"},"headline":"Alltrucks Partner Event DACH 2025","datePublished":"2025-10-09T15:08:46+00:00","dateModified":"2026-01-29T11:57:36+00:00","mainEntityOfPage":{"@id":"https:\/\/www.alltrucks.com\/alltrucks-partner-event-dach-2025\/"},"wordCount":175,"commentCount":0,"publisher":{"@id":"https:\/\/www.alltrucks.com\/#organization"},"image":{"@id":"https:\/\/www.alltrucks.com\/alltrucks-partner-event-dach-2025\/#primaryimage"},"thumbnailUrl":"https:\/\/www.alltrucks.com\/wp-content\/uploads\/2025\/10\/IMG_7067-3-scaled.jpeg","articleSection":["Presse Ver\u00f6ffentlichungen"],"inLanguage":"lt-LT","potentialAction":[{"@type":"CommentAction","name":"Comment","target":["https:\/\/www.alltrucks.com\/alltrucks-partner-event-dach-2025\/#respond"]}]},{"@type":"WebPage","@id":"https:\/\/www.alltrucks.com\/alltrucks-partner-event-dach-2025\/","url":"https:\/\/www.alltrucks.com\/alltrucks-partner-event-dach-2025\/","name":"Alltrucks partneri\u0173 renginys DACH 2025 - Alltrucks sunkve\u017eimi\u0173 ir priekab\u0173 servisas","isPartOf":{"@id":"https:\/\/www.alltrucks.com\/#website"},"primaryImageOfPage":{"@id":"https:\/\/www.alltrucks.com\/alltrucks-partner-event-dach-2025\/#primaryimage"},"image":{"@id":"https:\/\/www.alltrucks.com\/alltrucks-partner-event-dach-2025\/#primaryimage"},"thumbnailUrl":"https:\/\/www.alltrucks.com\/wp-content\/uploads\/2025\/10\/IMG_7067-3-scaled.jpeg","datePublished":"2025-10-09T15:08:46+00:00","dateModified":"2026-01-29T11:57:36+00:00","breadcrumb":{"@id":"https:\/\/www.alltrucks.com\/alltrucks-partner-event-dach-2025\/#breadcrumb"},"inLanguage":"lt-LT","potentialAction":[{"@type":"ReadAction","target":["https:\/\/www.alltrucks.com\/alltrucks-partner-event-dach-2025\/"]}]},{"@type":"ImageObject","inLanguage":"lt-LT","@id":"https:\/\/www.alltrucks.com\/alltrucks-partner-event-dach-2025\/#primaryimage","url":"https:\/\/www.alltrucks.com\/wp-content\/uploads\/2025\/10\/IMG_7067-3-scaled.jpeg","contentUrl":"https:\/\/www.alltrucks.com\/wp-content\/uploads\/2025\/10\/IMG_7067-3-scaled.jpeg","width":2560,"height":1314},{"@type":"BreadcrumbList","@id":"https:\/\/www.alltrucks.com\/alltrucks-partner-event-dach-2025\/#breadcrumb","itemListElement":[{"@type":"ListItem","position":1,"name":"Startseite","item":"https:\/\/www.alltrucks.com\/"},{"@type":"ListItem","position":2,"name":"Alltrucks Partner Event DACH 2025"}]},{"@type":"WebSite","@id":"https:\/\/www.alltrucks.com\/#website","url":"https:\/\/www.alltrucks.com\/","name":"\"Alltrucks Truck &amp; Trailer Service","description":"","publisher":{"@id":"https:\/\/www.alltrucks.com\/#organization"},"potentialAction":[{"@type":"SearchAction","target":{"@type":"EntryPoint","urlTemplate":"https:\/\/www.alltrucks.com\/?s={search_term_string}"},"query-input":{"@type":"PropertyValueSpecification","valueRequired":true,"valueName":"search_term_string"}}],"inLanguage":"lt-LT"},{"@type":"Organization","@id":"https:\/\/www.alltrucks.com\/#organization","name":"Alltrucks GmbH &amp; Co. KG","url":"https:\/\/www.alltrucks.com\/","logo":{"@type":"ImageObject","inLanguage":"lt-LT","@id":"https:\/\/www.alltrucks.com\/#\/schema\/logo\/image\/","url":"https:\/\/www.alltrucks.com\/wp-content\/uploads\/2025\/09\/Logo.svg","contentUrl":"https:\/\/www.alltrucks.com\/wp-content\/uploads\/2025\/09\/Logo.svg","width":298,"height":65,"caption":"Alltrucks GmbH & Co. KG"},"image":{"@id":"https:\/\/www.alltrucks.com\/#\/schema\/logo\/image\/"},"sameAs":["https:\/\/www.facebook.com\/alltrucksDE\/mentions\/?_rdr","https:\/\/de.linkedin.com\/company\/alltrucks"]},{"@type":"Person","@id":"https:\/\/www.alltrucks.com\/#\/schema\/person\/3c5f61f18580d750b29e8d3941e635ee","name":"Kristina Martin","image":{"@type":"ImageObject","inLanguage":"lt-LT","@id":"https:\/\/www.alltrucks.com\/#\/schema\/person\/image\/","url":"https:\/\/www.alltrucks.com\/wp-content\/litespeed\/avatar\/c686f2b45f68d8c6e0bb949fc7cc208c.jpg?ver=1777390578","contentUrl":"https:\/\/www.alltrucks.com\/wp-content\/litespeed\/avatar\/c686f2b45f68d8c6e0bb949fc7cc208c.jpg?ver=1777390578","caption":"Kristina Martin"},"url":"https:\/\/www.alltrucks.com\/lt\/author\/kristina-martin\/"}]}},"_links":{"self":[{"href":"https:\/\/www.alltrucks.com\/lt\/wp-json\/wp\/v2\/posts\/1011","targetHints":{"allow":["GET"]}}],"collection":[{"href":"https:\/\/www.alltrucks.com\/lt\/wp-json\/wp\/v2\/posts"}],"about":[{"href":"https:\/\/www.alltrucks.com\/lt\/wp-json\/wp\/v2\/types\/post"}],"author":[{"embeddable":true,"href":"https:\/\/www.alltrucks.com\/lt\/wp-json\/wp\/v2\/users\/2"}],"replies":[{"embeddable":true,"href":"https:\/\/www.alltrucks.com\/lt\/wp-json\/wp\/v2\/comments?post=1011"}],"version-history":[{"count":3,"href":"https:\/\/www.alltrucks.com\/lt\/wp-json\/wp\/v2\/posts\/1011\/revisions"}],"predecessor-version":[{"id":1017,"href":"https:\/\/www.alltrucks.com\/lt\/wp-json\/wp\/v2\/posts\/1011\/revisions\/1017"}],"wp:featuredmedia":[{"embeddable":true,"href":"https:\/\/www.alltrucks.com\/lt\/wp-json\/wp\/v2\/media\/1012"}],"wp:attachment":[{"href":"https:\/\/www.alltrucks.com\/lt\/wp-json\/wp\/v2\/media?parent=1011"}],"wp:term":[{"taxonomy":"category","embeddable":true,"href":"https:\/\/www.alltrucks.com\/lt\/wp-json\/wp\/v2\/categories?post=1011"},{"taxonomy":"post_tag","embeddable":true,"href":"https:\/\/www.alltrucks.com\/lt\/wp-json\/wp\/v2\/tags?post=1011"}],"curies":[{"name":"wp","href":"https:\/\/api.w.org\/{rel}","templated":true}]}}